{"id":655,"date":"2025-07-10T21:51:09","date_gmt":"2025-07-11T00:51:09","guid":{"rendered":"https:\/\/cristoforma.org\/?p=655"},"modified":"2025-07-23T21:13:39","modified_gmt":"2025-07-24T00:13:39","slug":"lectio-divina-del-salmo-23","status":"publish","type":"post","link":"https:\/\/cristoforma.org\/en\/lectio-divina-del-salmo-23\/","title":{"rendered":"Lectio divina del salmo 23"},"content":{"rendered":"\n<p>Mario Bravo-Lamas, 10 de Julio, 2025<\/p>\n\n\n\n<p>En el art\u00edculo anterior explicamos como hacer esta oraci\u00f3n y lectura de la Biblia llamada <a href=\"https:\/\/cristoforma.org\/lectio-divina\/\">Lectio Divina<\/a>, ahora lo pondremos en pr\u00e1ctica. <\/p>\n\n\n\n<ul class=\"wp-block-list\">\n<li>Elige el pasaje b\u00edblico que vas a ocupar, si no tienes ninguno lee el Salmo 23, para eso te recomiendo estos recursos:\n<ul class=\"wp-block-list\">\n<li><a href=\"https:\/\/www.bible.com\/bible\/176\/PSA.23.TLA\">https:\/\/www.bible.com\/bible\/176\/PSA.23.TLA<\/a><\/li>\n\n\n\n<li><a href=\"https:\/\/www.bible.com\/bible\/128\/PSA.23.NVI\">https:\/\/www.bible.com\/bible\/128\/PSA.23.NVI<\/a><\/li>\n\n\n\n<li><a href=\"https:\/\/www.streetlightsbible.com\/salmos-libro-1\">https:\/\/www.streetlightsbible.com\/salmos-libro-1<\/a><\/li>\n<\/ul>\n<\/li>\n\n\n\n<li>Esta aplicaci\u00f3n es muy buen recurso para tu tel\u00e9fono, aqu\u00ed encontrar\u00e1s los recursos reci\u00e9n mencionados:&nbsp;\n<ul class=\"wp-block-list\">\n<li><a href=\"https:\/\/apps.apple.com\/cl\/app\/biblia\/id282935706\">https:\/\/apps.apple.com\/cl\/app\/biblia\/id282935706<\/a><\/li>\n\n\n\n<li><a href=\"https:\/\/play.google.com\/store\/apps\/details?id=com.sirma.mobile.bible.android&amp;pcampaignid=web_share\">https:\/\/play.google.com\/store\/apps\/details?id=com.sirma.mobile.bible.android&amp;pcampaignid=web_share<\/a><\/li>\n<\/ul>\n<\/li>\n<\/ul>\n\n\n\n<blockquote class=\"wp-block-quote is-layout-flow wp-block-quote-is-layout-flow\">\n<p class=\"has-text-align-center\"><strong>SALMO 23 (NVI)<\/strong><\/p>\n\n\n\n<p class=\"has-text-align-center\">Salmo de David.<\/p>\n\n\n\n<p class=\"has-text-align-center\">1 El Se\u00f1or es mi pastor, nada me falta;<\/p>\n\n\n\n<p class=\"has-text-align-center\">2 en verdes pastos me hace descansar.<\/p>\n\n\n\n<p class=\"has-text-align-center\">Junto a tranquilas aguas me conduce;<\/p>\n\n\n\n<p class=\"has-text-align-center\">3 me infunde nuevas fuerzas.<\/p>\n\n\n\n<p class=\"has-text-align-center\">Me gu\u00eda por sendas de justicia<\/p>\n\n\n\n<p class=\"has-text-align-center\">haciendo honor a su nombre.<\/p>\n\n\n\n<p class=\"has-text-align-center\">4 Aun si voy<\/p>\n\n\n\n<p class=\"has-text-align-center\">por valles tenebrosos,<\/p>\n\n\n\n<p class=\"has-text-align-center\">no temer\u00e9 ning\u00fan mal<\/p>\n\n\n\n<p class=\"has-text-align-center\">porque t\u00fa est\u00e1s a mi lado;<\/p>\n\n\n\n<p class=\"has-text-align-center\">tu vara y tu bast\u00f3n me reconfortan.<\/p>\n\n\n\n<p class=\"has-text-align-center\">5 Dispones ante m\u00ed un banquete<\/p>\n\n\n\n<p class=\"has-text-align-center\">en presencia de mis enemigos.<\/p>\n\n\n\n<p class=\"has-text-align-center\">Has ungido con aceite mi cabeza;<\/p>\n\n\n\n<p class=\"has-text-align-center\">has llenado mi copa a rebosar.<\/p>\n\n\n\n<p class=\"has-text-align-center\">6 Seguro estoy de que la bondad y el amor<\/p>\n\n\n\n<p class=\"has-text-align-center\">me seguir\u00e1n todos los d\u00edas de mi vida;<\/p>\n\n\n\n<p class=\"has-text-align-center\">y en la casa del Se\u00f1or<\/p>\n\n\n\n<p class=\"has-text-align-center\">habitar\u00e9 para siempre.<\/p>\n<\/blockquote>\n\n\n\n<ol class=\"wp-block-list\">\n<li class=\"has-medium-font-size\"><strong>Statio \u2013 Preparar el coraz\u00f3n<\/strong><\/li>\n<\/ol>\n\n\n\n<p>Prep\u00e1rate para escuchar la Palabra de Dios:<\/p>\n\n\n\n<ol class=\"wp-block-list\">\n<li>Busca un lugar tranquilo y sin distracciones.<\/li>\n\n\n\n<li>Entrega tus pensamientos y preocupaciones a Dios.<\/li>\n\n\n\n<li>P\u00eddele al Esp\u00edritu Santo que te gu\u00ede.&nbsp;<\/li>\n<\/ol>\n\n\n\n<ol start=\"2\" class=\"wp-block-list\">\n<li class=\"has-medium-font-size\"><strong>Lectio \u2013 Leer con el coraz\u00f3n abierto<\/strong><\/li>\n<\/ol>\n\n\n\n<p>Ahora lee o escucha con atenci\u00f3n el pasaje de la Biblia que elegiste:<\/p>\n\n\n\n<ol class=\"wp-block-list\">\n<li>Presta atenci\u00f3n a las palabras, \u00bfqu\u00e9 dice el texto?\u00bfHay algo que te llama la atenci\u00f3n?&nbsp;<\/li>\n\n\n\n<li>Si hay algo que no entiendes, pon un signo de interrogaci\u00f3n (\u00bf?).&nbsp;<\/li>\n\n\n\n<li>Si hay algo que empieza a resonar en tu coraz\u00f3n, <span style=\"text-decoration: underline;\">subr\u00e1yalo<\/span>.&nbsp;<\/li>\n<\/ol>\n\n\n\n<blockquote class=\"wp-block-quote is-layout-flow wp-block-quote-is-layout-flow\">\n<p>Esta canci\u00f3n fue escrita por David, quien antes de ser rey fue m\u00fasico y pastor de ovejas. En ella, nos presenta a Dios como el buen pastor. En el mundo antiguo, la figura del pastor era una imagen com\u00fan para representar el liderazgo y el gobierno. Por eso, aunque David lleg\u00f3 a ser rey, reconoc\u00eda que Dios es <strong>el Rey-Pastor perfecto<\/strong>, aquel que cuida, gu\u00eda y protege a su pueblo no solo en los momentos de calma, sino tambi\u00e9n en medio de la adversidad.<\/p>\n\n\n\n<p>En esta secci\u00f3n del salmo destacan dos declaraciones centrales: <strong>\u201cEl Se\u00f1or es mi pastor, nada me falta\u201d y \u201cporque t\u00fa est\u00e1s a mi lado\u201d<\/strong>. Este Salmo, aunque escrito para el pueblo de Dios, expresa una verdad profundamente personal: Dios no es solo nuestro Dios, sino tambi\u00e9n mi Dios. Estas frases revelan una confianza profunda en la presencia constante de Dios.&nbsp;<\/p>\n\n\n\n<p>Luego, en el vers\u00edculo 5, la met\u00e1fora cambia: Dios ya no es solo el pastor, sino tambi\u00e9n el <strong>anfitri\u00f3n generoso<\/strong> que nos recibe con hospitalidad abundante para establecer una relaci\u00f3n cercana y amorosa con nosotros.<\/p>\n<\/blockquote>\n\n\n\n<ol start=\"3\" class=\"wp-block-list\">\n<li class=\"has-medium-font-size\"><strong>Meditatio \u2013 Dejar que la Palabra te toque<\/strong><\/li>\n<\/ol>\n\n\n\n<p>Lee o escucha el mismo pasaje le\u00eddo por segunda vez:<\/p>\n\n\n\n<ol class=\"wp-block-list\">\n<li>Reflexiona con tu mente y tu coraz\u00f3n Qu\u00e9 me dice Dios hoy? \u00bfQu\u00e9 tiene que ver conmigo, con mi vida y mis circunstancias? \u00bfHay alguna imagen, recuerdo, sensaci\u00f3n o experiencia que surge?<\/li>\n\n\n\n<li>\u00bfQu\u00e9 me muestra sobre el Padre, el Hijo o el Esp\u00edritu Santo? \u00bfQu\u00e9 dice este texto dentro de la gran historia de Dios? (Historia de salvaci\u00f3n, el evangelio)<\/li>\n\n\n\n<li>\u00a1Marca con un signo de exclamaci\u00f3n lo que te impacte! Esa palabra o frase que brilla, que resuena con tu vida.<\/li>\n\n\n\n<li>Guarda un momento de silencio para abrir tu coraz\u00f3n a la voz de Dios.<\/li>\n<\/ol>\n\n\n\n<blockquote class=\"wp-block-quote is-layout-flow wp-block-quote-is-layout-flow\">\n<p>Esta oraci\u00f3n po\u00e9tica expresa una confianza plena en el Se\u00f1or como nuestro buen pastor. No solo fue la experiencia de David, sino tambi\u00e9n del pueblo de de Dios durante el \u00e9xodo, donde fueron cuidados, guiados y protegidos, y donde Dios se revel\u00f3 como aquel que busca una relaci\u00f3n personal con su pueblo: <strong>\u201cAs\u00ed sabr\u00e1n que yo fui quien los libr\u00f3 de su esclavitud en Egipto, y ser\u00e1n mi pueblo y yo ser\u00e9 su Dios\u201d (\u00c9xodo 6:7).<\/strong><\/p>\n\n\n\n<p>Pero esta realidad no qued\u00f3 en el pasado. En Jes\u00fas, el <strong>Buen Pastor<\/strong>, somos rescatados por amor y todos podemos ser acogidos como sus ovejas. En \u00c9l vemos que su cuidado, gu\u00eda y protecci\u00f3n no son temporales, sino eternos: <strong>ayer, hoy y siempre<\/strong> (Lucas 15; Juan 10:11-18; Hebreos 13:20; 1 Pedro 2:25; Apocalipsis 7:17).<\/p>\n\n\n\n<p>Este salmo nos muestra el cuidado amoroso de Dios, su gu\u00eda fiel y su protecci\u00f3n constante, las cuales traen refrigerio y bienestar a nuestras vidas. <strong>Su presencia est\u00e1 con nosotros<\/strong> tanto en los d\u00edas tranquilos como en los momentos de dolor e incertidumbre, en los cuales podemos confiar plenamente en su amorosa compa\u00f1\u00eda.<\/p>\n\n\n\n<p>Su Palabra es la que nos gu\u00eda, orienta y endereza nuestros pasos. La leemos para escucharle, conocerle y profundizar en nuestra relaci\u00f3n con \u00c9l, y la interpretamos a la luz de <strong>Jesucristo<\/strong>, quien es la Palabra definitiva.<\/p>\n\n\n\n<p>Por \u00faltimo, este Salmo tambi\u00e9n nos revela que \u00c9l trae <strong>descanso<\/strong> a nuestra vida, nos consuela y restaura cuando hemos perdido el aliento. Pero, sobre todo, nos muestra que nos invita a su mesa para disfrutar de una relaci\u00f3n de amor con \u00c9l.<\/p>\n\n\n\n<p>En medio de la vida, con sus luces y sombras, su bondad y su amor nos siguen sin cesar. Ante esta realidad tan hermosa del Dios que gu\u00eda, protege y ama, surge una pregunta inevitable: <strong>\u00bfC\u00f3mo responder\u00e1s t\u00fa?<\/strong><\/p>\n<\/blockquote>\n\n\n\n<ol start=\"4\" class=\"wp-block-list\">\n<li class=\"has-medium-font-size\"><strong>Oratio \u2013 Responder con el coraz\u00f3n<\/strong><\/li>\n<\/ol>\n\n\n\n<p>Lee o escucha el pasaje por tercera vez:<\/p>\n\n\n\n<ol class=\"wp-block-list\">\n<li>Responde en oraci\u00f3n a lo que te ha tocado la mente y el coraz\u00f3n. Habla con Dios desde lo que sentiste y descubriste.<\/li>\n\n\n\n<li>*Marca con un asterisco esa palabra o frase que te lleva a orar.<\/li>\n\n\n\n<li>Tal vez brote gratitud. O una confesi\u00f3n sincera. O una s\u00faplica. Esta respuesta puede ser con palabras o sin ellas.<\/li>\n\n\n\n<li>combina la lectura con tus palabras y con silencio.<\/li>\n<\/ol>\n\n\n\n<blockquote class=\"wp-block-quote is-layout-flow wp-block-quote-is-layout-flow\">\n<p class=\"has-text-align-center\"><strong>Oraci\u00f3n<\/strong><\/p>\n\n\n\n<p class=\"has-text-align-center\">Se\u00f1or, mi Pastor y mi Dios,<\/p>\n\n\n\n<p class=\"has-text-align-center\">gracias por tu cuidado constante, por tu gu\u00eda fiel y tu protecci\u00f3n amorosa que me acompa\u00f1an en cada paso.<\/p>\n\n\n\n<p class=\"has-text-align-center\">T\u00fa est\u00e1s conmigo en los d\u00edas de paz y tambi\u00e9n en los valles oscuros; nunca me dejas solo, y tu presencia me consuela.<\/p>\n\n\n\n<p class=\"has-text-align-center\">Haz que tu Palabra ilumine mi camino, que me oriente y enderece mis pasos,<\/p>\n\n\n\n<p class=\"has-text-align-center\">y que al leerla a la luz de Jesucristo, pueda escucharte, conocerte m\u00e1s y crecer en mi amor por ti.<\/p>\n\n\n\n<p class=\"has-text-align-center\">Trae descanso a mi alma cansada, restaura mi aliento cuando me falte la fuerza,<\/p>\n\n\n\n<p class=\"has-text-align-center\">y rec\u00edbeme a tu mesa, donde me invitas a compartir contigo una relaci\u00f3n de amor profundo y eterno.<\/p>\n\n\n\n<p class=\"has-text-align-center\">Se\u00f1or, en medio de las luces y sombras de la vida,<\/p>\n\n\n\n<p class=\"has-text-align-center\">conf\u00edo en que tu bondad y tu amor me seguir\u00e1n cada d\u00eda.<\/p>\n\n\n\n<p class=\"has-text-align-center\">Ay\u00fadame a responder con fe, gratitud y entrega al regalo de tu presencia.<\/p>\n\n\n\n<p class=\"has-text-align-center\"><strong>Am\u00e9n.<\/strong><\/p>\n<\/blockquote>\n\n\n\n<ol start=\"5\" class=\"wp-block-list\">\n<li class=\"has-medium-font-size\"><strong>Contemplatio, Collatio et Actio \u2013 Descansar, Compartir, Vivir<\/strong><\/li>\n<\/ol>\n\n\n\n<p>Lea o escuche por \u00faltima vez y perm\u00edtete simplemente estar con Dios en quietud:<\/p>\n\n\n\n<ol class=\"wp-block-list\">\n<li>Descansa en Dios y permanece con el Dios que te ha hablado a trav\u00e9s de la Palabra.<\/li>\n\n\n\n<li>Marca con una flecha&gt; lo que sientes que Dios te invita a hacer, decir o vivir.<\/li>\n\n\n\n<li>Desde ese descanso, el Esp\u00edritu te puede invitar a compartir (collatio) lo que viviste y a actuar (actio): llevar lo vivido a la vida, a los dem\u00e1s, a la misi\u00f3n.<\/li>\n<\/ol>\n","protected":false},"excerpt":{"rendered":"<p>Mario Bravo-Lamas, 10 de Julio, 2025 En el art\u00edculo anterior explicamos como hacer esta oraci\u00f3n y lectura de la Biblia llamada Lectio Divina, ahora lo pondremos en pr\u00e1ctica. Elige el pasaje b\u00edblico que vas a [&hellip;]<\/p>\n","protected":false},"author":1,"featured_media":661,"comment_status":"open","ping_status":"open","sticky":false,"template":"","format":"standard","meta":{"content-type":"","footnotes":""},"categories":[45],"tags":[],"class_list":["post-655","post","type-post","status-publish","format-standard","has-post-thumbnail","hentry","category-lectio-divina"],"_links":{"self":[{"href":"https:\/\/cristoforma.org\/en\/wp-json\/wp\/v2\/posts\/655","targetHints":{"allow":["GET"]}}],"collection":[{"href":"https:\/\/cristoforma.org\/en\/wp-json\/wp\/v2\/posts"}],"about":[{"href":"https:\/\/cristoforma.org\/en\/wp-json\/wp\/v2\/types\/post"}],"author":[{"embeddable":true,"href":"https:\/\/cristoforma.org\/en\/wp-json\/wp\/v2\/users\/1"}],"replies":[{"embeddable":true,"href":"https:\/\/cristoforma.org\/en\/wp-json\/wp\/v2\/comments?post=655"}],"version-history":[{"count":4,"href":"https:\/\/cristoforma.org\/en\/wp-json\/wp\/v2\/posts\/655\/revisions"}],"predecessor-version":[{"id":682,"href":"https:\/\/cristoforma.org\/en\/wp-json\/wp\/v2\/posts\/655\/revisions\/682"}],"wp:featuredmedia":[{"embeddable":true,"href":"https:\/\/cristoforma.org\/en\/wp-json\/wp\/v2\/media\/661"}],"wp:attachment":[{"href":"https:\/\/cristoforma.org\/en\/wp-json\/wp\/v2\/media?parent=655"}],"wp:term":[{"taxonomy":"category","embeddable":true,"href":"https:\/\/cristoforma.org\/en\/wp-json\/wp\/v2\/categories?post=655"},{"taxonomy":"post_tag","embeddable":true,"href":"https:\/\/cristoforma.org\/en\/wp-json\/wp\/v2\/tags?post=655"}],"curies":[{"name":"wp","href":"https:\/\/api.w.org\/{rel}","templated":true}]}}